{"id":453,"date":"2009-07-24T12:16:42","date_gmt":"2009-07-24T10:16:42","guid":{"rendered":"http:\/\/sowas-ev.de\/?p=453"},"modified":"2009-12-08T09:55:30","modified_gmt":"2009-12-08T07:55:30","slug":"rundbrief-nr-17-%e2%80%93-juli-2009","status":"publish","type":"post","link":"https:\/\/sowas-ev.de\/?p=453","title":{"rendered":"Rundbrief Nr. 17 \u2013 Juli 2009"},"content":{"rendered":"<p>Hallo liebe SOWAS Freunde und F\u00f6rderer, <img loading=\"lazy\" class=\"alignright size-medium wp-image-177\" title=\"00-logo-2003-11\" src=\"http:\/\/sowas-ev.de\/wp-content\/uploads\/2008\/11\/00-logo-2003-11-292x300.jpg\" alt=\"00-logo-2003-11\" width=\"175\" height=\"180\" srcset=\"https:\/\/sowas-ev.de\/wp-content\/uploads\/2008\/11\/00-logo-2003-11-292x300.jpg 292w, https:\/\/sowas-ev.de\/wp-content\/uploads\/2008\/11\/00-logo-2003-11.jpg 563w\" sizes=\"(max-width: 175px) 100vw, 175px\" \/><\/p>\n<p>nachdem wir 2008 nur ein Minimum an \u00d6ffentlichkeitsarbeit absolvierten, haben wir im ersten Halbjahr 2009 wieder einige \u00f6ffentliche Auftritte gehabt.<br \/>\nWir waren Pfingsten auf dem Karneval der Kulturen in Berlin, haben neue Kontakte gekn\u00fcpft und konnten einige Menschen f\u00fcr SOWAS interessieren. Auch sind wir jetzt am \u00fcberlegen ob wir im n\u00e4chsten Jahr dort einen Infostand machen.<br \/>\nMit unserem Info- und B\u00fccherstand auf dem Afrika Markt in Alsterdorf und auf der Altonale pr\u00e4sentierten wir uns als gerne angenommener Ruhepunkt im Trubel der Veranstaltungen. Dies machte sich auch finanziell  positiv bemerkbar f\u00fcr SOWAS.<br \/>\nAuch haben wir nach fast zwei Jahren Pause unsere lockeren Sonntagstreffen mit einem Brunch im  Mai wiederbelebt. Hier bietet sich f\u00fcr Interessierte die M\u00f6glichkeit SOWAS in lockerer Atmosph\u00e4re kennen zu lernen. Dabei kann sich dann jeder auch in die aktuellen Fragen und Diskussionen bei SOWAS mit eingeben oder auch konkreter nachfragen. <!--more--><br \/>\nAm Sonntag, den 19.07.09 um 16:00  im Cafe Smorebrod\/Kindermusikschule in der Rothestr. 58 in Ottensen, wollen wir an uns heran getragene Projektideen versuchen konkreter zu fassen und Handlungsschritte entwickeln. Diese Projektideen sind unterschiedlich weit und konkret entwickelt :<br \/>\n1.Technical Training Center f\u00fcr Brikama (Gambia), siehe auch weiter unten<br \/>\n2.Kindergarten in Togo<br \/>\n3.Berufsausbildungsm\u00f6glichkeiten in Westafrika<br \/>\n4.Unterst\u00fctzung von Westafrikanischen Studenten hier in Deutschland<br \/>\n5.Konzertreihe f\u00fcr 2010<br \/>\n6.Arbeitsplatz bei SOWAS<\/p>\n<p>Am Sonntag, den 20.09.09 wollen wir uns dann mit den Aussichten f\u00fcr 2010 und 2011 besch\u00e4ftigen. Beide Sonntagstreffen finden jeweils um 16:00 Uhr statt.<\/p>\n<p><strong>Bilderwelten <\/strong><\/p>\n<p>Nach dem Ende unserer Ausstellung  -junge ghanaische K\u00fcnstler-  sind einige der Bilder in andere R\u00e4umlichkeiten umgezogen.<br \/>\nPassend zum Thema sind Bilder die Musiker und Musikszenen darstellen nun in der Kindermusikschule in der Rothestra\u00dfe zu betrachten und auch immer noch gegen eine entsprechende  Spende zu erwerben.<\/p>\n<p>Einige wenig ausgesuchte Bilder sind im Architekturb\u00fcro s-plan in Hamburg Barmbek, Bramfelder Str.  95a zu sehen.<\/p>\n<p>Als kleiner Verein, sowohl von der Power wie auch von den Finanzen, haben wir uns f\u00fcr die Benennung von klareren Schwerpunkten entschieden.<br \/>\nErster (logischer) Schwerpunkt ist der konkrete Ausbau der Zusammenarbeit mit Gambia, dem dann etwa ab Ende 2010 der Ausbau der Zusammenarbeit mit Ghana folgen wird.<br \/>\nDiese notwendige Schwerpunktsetzung schlie\u00dft neue Projekte nicht aus, sondern dient als Richtlinie f\u00fcr unsere Arbeit und Finanzen. Dies erm\u00f6glicht so, sich schneller und konkreter mit neuen Projektideen und deren Umsetzung zu befassen.<\/p>\n<p>Im November 2008 f\u00fchrte unser Vorstandsmitglied M. Ohman Gespr\u00e4che mit SOWAS \u2013 Gambia vor Ort.   Erste direkte Kontakte zwischen SOWAS Gambia und Deutschland gab es zuvor beim Besuch des bisherigen Koordinator und Gr\u00fcndungsmotor von SOWAS Gambia  D. Jarju hier in Hamburg im Mai\/Juni 2008.<br \/>\nDiese Gespr\u00e4che dienten dem gegenseitigen Kennenlernen und dem Austausch von Ideen, Fragen und Problemen. Ein umfangreiches Protokoll von den Gespr\u00e4chen im November, mit den zu erledigenden Aufgaben f\u00fcr 2009\/2010, sowie Ideen und W\u00fcnschen von SOWAS \u2013 Gambia war das wichtigste Ergebnis.<br \/>\nBei seiner Reise nach Gambia im Fr\u00fchjahr 2009 traf K.-P. Berndt die Mitglieder von SOWAS \u2013 Gambia mehrmals zu gemeinsamen Gespr\u00e4chen. Schwerpunkte dieser Gespr\u00e4che waren vor allem der Ausbau der M\u00e4dchenf\u00f6rderung, Generationskonflikte in Gambia, Qualit\u00e4t von Bildung, die Finanzen und das Projekt Technik Training Center.<br \/>\nMit einem Durchschnittsalter von 23 Jahren sind die 8 Mitglieder jung und vor allem dynamisch. Als Ihre Hauptaufgaben f\u00fcr die n\u00e4chsten 2 &#8211; 3 Jahre sieht SOWAS \u2013 Gambia :<\/p>\n<p>&#8211;    ein st\u00e4rkeres Engagement in der Provinz<br \/>\n&#8211; dem durchf\u00fchren von eigenen Fundraising Veranstaltungen und dem<br \/>\n&#8211;    \u201eschlie\u00dfen\u201c des digitalen Grabens<\/p>\n<p>Sowohl K.-P. Berndt als auch M.Ohman sind aus den Gespr\u00e4chen mit der Erkenntnis herausgegangen, dass SOWAS in Gambia von jungen powervollen Leuten gemacht wird, die sich f\u00fcr eine Entwicklung im Bereich Bildung einsetzen wollen.<\/p>\n<p>Die Kluft zwischen den armen und den reichen L\u00e4ndern macht sich an vielen konkreten Punkten fest und wird als eine Auswirkung der weltweiten Wirtschaftskrise derzeit gr\u00f6\u00dfer.<br \/>\nDie Mitglieder von SOWAS \u2013 Gambia m\u00f6chten mit Ihrer Projektidee des Technical Training Center in Brikama einen praktischen Beitrag leisten um diese Kluft, den Digitalen Graben, nicht zu gro\u00df werden zu lassen.<br \/>\n\u201e &#8230; , dass das subsaharische Afrika nur \u00fcber 0,3% der weltweit verf\u00fcgbaren Internet-Anschl\u00fcsse verf\u00fcgt.\u201c (F. Nuscheler in Entwicklungspolitk, S. 130 \/ Bonn 2006)<\/p>\n<p>Bildung und Kommunikation findet zunehmend im Netz statt. Eine Gesellschaft die sich weiter entwickeln will, muss auch in die digitale Entwicklung investieren. In allen gesellschaftlichen Bereichen werden, bzw. sind Computer und das Internet unabdingbar f\u00fcr eine aktive Mitgestaltung der lokalen und der globalen Gesellschaften. Angesichts dieser Erkenntnis und Erfahrung m\u00f6chte SOWAS \u2013 Gambia sp\u00e4testens 2011 in Brikama sein Technical Training Center er\u00f6ffnen. Computer und Internetkurse f\u00fcr Anf\u00e4ngerinnen und Fortgeschrittene, sowie die M\u00f6glichkeit eines preiswerten Zugang zu Computer und Internet will dieses Center einem breiten Publikum erm\u00f6glichen.<br \/>\nDie Stadt Brikama wurde ausgesucht weil Sie auch als \u201eEingang\u201c zur Provinz verstanden wird.<br \/>\nDer Abstand zur touristischen, reicheren Gegend und die N\u00e4he zum zuk\u00fcnftigen Campus der Universit\u00e4t von Gambia sind  zwei weitere wichtige Beweggr\u00fcnde f\u00fcr den Standort Brikama.<\/p>\n<p><strong>Finanzen <\/strong><br \/>\nSowohl in Ghana, Hamburg und Gambia sind aus unterschiedlichen Gr\u00fcnden die Kosten seit 2008 f\u00fcr SOWAS st\u00e4rker gestiegen. Einige Sch\u00fclerInnen besuchen nun teurere weiterf\u00fchrende Schulen, Wechselkursschwankungen, neue Werbematerialien, Bankgeb\u00fchren und die Unterst\u00fctzung beim Aufbau von Strukturen vor Ort haben mehr Finanzen in Anspruch genommen als vor 2 Jahren geplant und vermutet. UND wir bekommen vermehrt Meldungen, dass in vielen Familien unserer Sch\u00fcler sich die \u00f6konomische Situation massiv verschlechtert hat.<br \/>\nDa die weltweite Wirtschaftskrise erst langsam aber mit Wucht jetzt in den armen L\u00e4ndern ankommt, werden die sozialen Auswirkungen wie radikale Ausgabenk\u00fcrzungen bei der Bildung unsere gef\u00f6rderten Kinder und Jugendlichen hart treffen.<br \/>\nWeder unsere Kinder und Jugendlichen, noch die Staaten Westafrika\u00b4s sind Verursacher dieser Weltwirtschaftskrise, aber Sie wird die negativen Auswirkungen<br \/>\nmassiv treffen.<\/p>\n<p>Wir  wollen verhindern, dass eines \u201eunserer\u201c Kinder und Jugendlichen die Schule aus \u00f6konomischen Gr\u00fcnden verlassen muss. Wir wollen das soziale Grundrecht auf Bildung auch in Zeiten einer wirtschaftlichen Krise umsetzen und verteidigen.<br \/>\nWir m\u00f6chten Euch Bitten nochmals zu schauen ob und wer als potenzielle Spenderin ansprechbar ist, so das wir unsere Spendeneinnahmen auf eine breitere Basis stellen k\u00f6nnen.<br \/>\nOb nun im Urlaub, bei einem SOWAS Termin, auf der Arbeit, zu Hause oder wo auch immer genie\u00dft diesen Sommer und bleibt uns auch weiterhin positiv gesonnen.<\/p>\n<p>Euer SOWAS \u2013 Team<\/p>\n","protected":false},"excerpt":{"rendered":"<p>Hallo liebe SOWAS Freunde und F\u00f6rderer, nachdem wir 2008 nur ein Minimum an \u00d6ffentlichkeitsarbeit absolvierten, haben wir im ersten Halbjahr 2009 wieder einige \u00f6ffentliche Auftritte gehabt. Wir waren Pfingsten auf dem Karneval der Kulturen in Berlin, haben neue Kontakte gekn\u00fcpft &hellip; <a href=\"https:\/\/sowas-ev.de\/?p=453\">Continue reading <span class=\"meta-nav\">&rarr;<\/span><\/a><\/p>\n","protected":false},"author":2,"featured_media":0,"comment_status":"closed","ping_status":"closed","sticky":false,"template":"","format":"standard","meta":[],"categories":[1,6],"tags":[],"_links":{"self":[{"href":"https:\/\/sowas-ev.de\/index.php?rest_route=\/wp\/v2\/posts\/453"}],"collection":[{"href":"https:\/\/sowas-ev.de\/index.php?rest_route=\/wp\/v2\/posts"}],"about":[{"href":"https:\/\/sowas-ev.de\/index.php?rest_route=\/wp\/v2\/types\/post"}],"author":[{"embeddable":true,"href":"https:\/\/sowas-ev.de\/index.php?rest_route=\/wp\/v2\/users\/2"}],"replies":[{"embeddable":true,"href":"https:\/\/sowas-ev.de\/index.php?rest_route=%2Fwp%2Fv2%2Fcomments&post=453"}],"version-history":[{"count":10,"href":"https:\/\/sowas-ev.de\/index.php?rest_route=\/wp\/v2\/posts\/453\/revisions"}],"predecessor-version":[{"id":498,"href":"https:\/\/sowas-ev.de\/index.php?rest_route=\/wp\/v2\/posts\/453\/revisions\/498"}],"wp:attachment":[{"href":"https:\/\/sowas-ev.de\/index.php?rest_route=%2Fwp%2Fv2%2Fmedia&parent=453"}],"wp:term":[{"taxonomy":"category","embeddable":true,"href":"https:\/\/sowas-ev.de\/index.php?rest_route=%2Fwp%2Fv2%2Fcategories&post=453"},{"taxonomy":"post_tag","embeddable":true,"href":"https:\/\/sowas-ev.de\/index.php?rest_route=%2Fwp%2Fv2%2Ftags&post=453"}],"curies":[{"name":"wp","href":"https:\/\/api.w.org\/{rel}","templated":true}]}}