{"id":432,"date":"2009-03-11T18:53:17","date_gmt":"2009-03-11T16:53:17","guid":{"rendered":"http:\/\/sowas-ev.de\/?p=432"},"modified":"2009-03-11T18:55:29","modified_gmt":"2009-03-11T16:55:29","slug":"buchtipp","status":"publish","type":"post","link":"https:\/\/sowas-ev.de\/?p=432","title":{"rendered":"Buchtipp"},"content":{"rendered":"<p><strong>Geboren mit Sand in den Augen<\/strong><br \/>\nDayak, Mano<br \/>\nUnionsverlag TB, Z\u00fcrich, 1998<br \/>\n8,90 \u20ac<br \/>\nTage, Monate oder Jahre spielen keine Rolle, wichtiger ist f\u00fcr das Nomadenvolk der Tuareg die Stunde der Geburt, denn nur die Stunden des Tages z\u00e4hlen. Noch dazu haben die Tuaregs eine Aversion gegen das Z\u00e4hlen. &#8220;Z\u00e4hlen ist sparen, betr\u00fcgen, werten, beurteilen. Z\u00e4hlen bedeutet, das Falsche aufzuwerten.&#8221;<!--more--><br \/>\nAuf sehr poetische Weise erz\u00e4hlt Mano Dayak, der sp\u00e4tere F\u00fchrer der Tuareg-Rebellen, von seiner Kindheit in der W\u00fcste und den Gepflogenheiten der Nomaden.<br \/>\nDer Vater bringt ihm schon als kleiner Junge bei, wie er als guter Karawanenf\u00fchrer jederzeit seinen Weg in der W\u00fcste findet. Das alles endet f\u00fcr Mano abrupt im Alter von neun Jahren, als er gegen seinen Wunsch und den seiner Eltern von der franz\u00f6sischen Regierung gezwungen wird, eine Schule zu besuchen. Auch wenn er am Anfang zusammen mit seinen Mitsch\u00fclern dem Lehrer immer wieder ein Schnippchen schl\u00e4gt und nach Hause fl\u00fcchtet, wird Mano ein guter Sch\u00fcler und erh\u00e4lt eine exzellente Ausbildung, die er sp\u00e4ter durch ein Studium in den USA und in Paris abrundet.<br \/>\nEr kehrt wieder in seine Heimat zur\u00fcck, denn er hat vor, mit seinem Wissen seinem Volk zu helfen, das durch Hunger und Trockenheit bedroht ist und von der Regierung des Niger rigoros bek\u00e4mpft wird. &#8220;Der angebliche Wunsch, die Nomaden zu unterrichten, sie zu bilden, ist nichts als Bluff. Diese Scheinunterweisung der Nomaden dient nur dazu, der Welt weiszumachen, die Republik Niger k\u00fcmmere sich um die Tuareg. Ich habe den Eindruck, man will unsere Unwissenheit nur vergr\u00f6\u00dfern, indem man uns von unseren Wurzeln abtrennt und uns zu einem Volk macht, das zwischen zwei Welten umherirrt.&#8221;<br \/>\nMit der spannend zu lesenden Autobiographie vermittelt Mano Dayak ein wenig von seiner eigenen Faszination &#8220;vom K\u00f6nigreich des Sandes&#8221;.<\/p>\n","protected":false},"excerpt":{"rendered":"<p>Geboren mit Sand in den Augen Dayak, Mano Unionsverlag TB, Z\u00fcrich, 1998 8,90 \u20ac Tage, Monate oder Jahre spielen keine Rolle, wichtiger ist f\u00fcr das Nomadenvolk der Tuareg die Stunde der Geburt, denn nur die Stunden des Tages z\u00e4hlen. Noch &hellip; <a href=\"https:\/\/sowas-ev.de\/?p=432\">Continue reading <span class=\"meta-nav\">&rarr;<\/span><\/a><\/p>\n","protected":false},"author":2,"featured_media":0,"comment_status":"closed","ping_status":"closed","sticky":false,"template":"","format":"standard","meta":[],"categories":[1,9],"tags":[],"_links":{"self":[{"href":"https:\/\/sowas-ev.de\/index.php?rest_route=\/wp\/v2\/posts\/432"}],"collection":[{"href":"https:\/\/sowas-ev.de\/index.php?rest_route=\/wp\/v2\/posts"}],"about":[{"href":"https:\/\/sowas-ev.de\/index.php?rest_route=\/wp\/v2\/types\/post"}],"author":[{"embeddable":true,"href":"https:\/\/sowas-ev.de\/index.php?rest_route=\/wp\/v2\/users\/2"}],"replies":[{"embeddable":true,"href":"https:\/\/sowas-ev.de\/index.php?rest_route=%2Fwp%2Fv2%2Fcomments&post=432"}],"version-history":[{"count":4,"href":"https:\/\/sowas-ev.de\/index.php?rest_route=\/wp\/v2\/posts\/432\/revisions"}],"predecessor-version":[{"id":436,"href":"https:\/\/sowas-ev.de\/index.php?rest_route=\/wp\/v2\/posts\/432\/revisions\/436"}],"wp:attachment":[{"href":"https:\/\/sowas-ev.de\/index.php?rest_route=%2Fwp%2Fv2%2Fmedia&parent=432"}],"wp:term":[{"taxonomy":"category","embeddable":true,"href":"https:\/\/sowas-ev.de\/index.php?rest_route=%2Fwp%2Fv2%2Fcategories&post=432"},{"taxonomy":"post_tag","embeddable":true,"href":"https:\/\/sowas-ev.de\/index.php?rest_route=%2Fwp%2Fv2%2Ftags&post=432"}],"curies":[{"name":"wp","href":"https:\/\/api.w.org\/{rel}","templated":true}]}}